{"id":3790,"date":"2026-04-30T14:29:51","date_gmt":"2026-04-30T14:29:51","guid":{"rendered":"https:\/\/tienda-solar.es\/blog\/?p=3790"},"modified":"2026-04-30T14:32:48","modified_gmt":"2026-04-30T14:32:48","slug":"aires-acondicionados-en-2026","status":"publish","type":"post","link":"https:\/\/tienda-solar.es\/blog\/aires-acondicionados-en-2026\/","title":{"rendered":"Aires Acondicionados en 2026: C\u00f3mo elegir el sistema perfecto y prepararte para el verano"},"content":{"rendered":"\n<p><script>{<br \/>\n  \"@context\": \"https:\/\/schema.org\",<br \/>\n  \"@type\": \"FAQPage\",<br \/>\n  \"mainEntity\": [<br \/>\n    {<br \/>\n      \"@type\": \"Question\",<br \/>\n      \"name\": \"\u00bfC\u00f3mo funciona realmente un aire acondicionado?\",<br \/>\n      \"acceptedAnswer\": {<br \/>\n        \"@type\": \"Answer\",<br \/>\n        \"text\": \"El proceso se basa en un gas refrigerante que circula por un circuito cerrado. Al pasar por la unidad interior (evaporador), el gas absorbe el calor del aire de tu habitaci\u00f3n. Luego, viaja a la unidad exterior donde el compresor lo comprime, aumentando su temperatura para poder liberar ese calor al aire libre.\"<br \/>\n      }<br \/>\n    },<br \/>\n    {<br \/>\n      \"@type\": \"Question\",<br \/>\n      \"name\": \"\u00bfCu\u00e1nta potencia (frigor\u00edas) necesito para mi habitaci\u00f3n?\",<br \/>\n      \"acceptedAnswer\": {<br \/>\n        \"@type\": \"Answer\",<br \/>\n        \"text\": \"Como norma general, se necesitan unas 100 frigor\u00edas por metro cuadrado. Habitaci\u00f3n de 15-20 m\u00b2: Necesitas unas 2.000 - 2.500 frigor\u00edas (2.5 kW). Sal\u00f3n de 25-30 m\u00b2: Necesitas unas 3.000 - 3.500 frigor\u00edas (3.5 kW). Espacios di\u00e1fanos de 40-50 m\u00b2: Equipos de 5.0 kW a 7.1 kW.\"<br \/>\n      }<br \/>\n    },<br \/>\n    {<br \/>\n      \"@type\": \"Question\",<br \/>\n      \"name\": \"\u00bfQu\u00e9 factores alteran el c\u00e1lculo de potencia necesario?\",<br \/>\n      \"acceptedAnswer\": {<br \/>\n        \"@type\": \"Answer\",<br \/>\n        \"text\": \"Orientaci\u00f3n: Si tu habitaci\u00f3n da al sur y le da el sol todo el d\u00eda, a\u00f1ade un 15% m\u00e1s de potencia. Aislamiento: Ventanas de doble cristal reducen la necesidad de potencia. Cargas t\u00e9rmicas: Una cocina o una habitaci\u00f3n con muchos ordenadores encendidos genera calor propio que el equipo debe compensar.\"<br \/>\n      }<br \/>\n    },<br \/>\n    {<br \/>\n      \"@type\": \"Question\",<br \/>\n      \"name\": \"\u00bfQu\u00e9 incluye una instalaci\u00f3n b\u00e1sica de aire acondicionado?\",<br \/>\n      \"acceptedAnswer\": {<br \/>\n        \"@type\": \"Answer\",<br \/>\n        \"text\": \"Mano de obra y desplazamiento. Soportes y silentblocks (amortiguadores para evitar vibraciones en la fachada). Hasta 3 metros de l\u00ednea frigor\u00edfica, cableado el\u00e9ctrico y tubo de desag\u00fce. Puesta en marcha, vac\u00edo del circuito y comprobaci\u00f3n de estanqueidad. Certificado de instalaci\u00f3n: Documento legal obligatorio que garantiza que el gas R-32 ha sido manipulado correctamente.\"<br \/>\n      }<br \/>\n    },<br \/>\n    {<br \/>\n      \"@type\": \"Question\",<br \/>\n      \"name\": \"\u00bfQu\u00e9 beneficios aporta la tecnolog\u00eda Inverter?\",<br \/>\n      \"acceptedAnswer\": {<br \/>\n        \"@type\": \"Answer\",<br \/>\n        \"text\": \"Ahorro: Consume hasta un 40% menos de electricidad. Confort: No hay cambios bruscos de temperatura. Vida \u00fatil: El equipo sufre menos estr\u00e9s mec\u00e1nico al evitar arranques y paradas constantes.\"<br \/>\n      }<br \/>\n    },<br \/>\n    {<br \/>\n      \"@type\": \"Question\",<br \/>\n      \"name\": \"\u00bfPor qu\u00e9 es importante el dimensionamiento correcto de la potencia?\",<br \/>\n      \"acceptedAnswer\": {<br \/>\n        \"@type\": \"Answer\",<br \/>\n        \"text\": \"Un equipo que trabaja 'sobrado' alcanzar\u00e1 la temperatura de consigna sin esfuerzo, lo que parad\u00f3jicamente se traduce en un menor consumo energ\u00e9tico y en una vida \u00fatil mucho m\u00e1s larga al evitar que los componentes trabajen constantemente al l\u00edmite de su capacidad.\"<br \/>\n      }<br \/>\n    },<br \/>\n    {<br \/>\n      \"@type\": \"Question\",<br \/>\n      \"name\": \"\u00bfQu\u00e9 es la bomba de calor y por qu\u00e9 es eficiente?\",<br \/>\n      \"acceptedAnswer\": {<br \/>\n        \"@type\": \"Answer\",<br \/>\n        \"text\": \"Comparada con un radiador el\u00e9ctrico tradicional (donde 1kW de luz = 1kW de calor), la bomba de calor de un Mitsubishi HR puede entregar 4kW de calor por cada 1kW de luz. Es, t\u00e9cnicamente, el sistema de calefacci\u00f3n m\u00e1s eficiente y econ\u00f3mico que existe en la actualidad.\"<br \/>\n      }<br \/>\n    },<br \/>\n    {<br \/>\n      \"@type\": \"Question\",<br \/>\n      \"name\": \"\u00bfCu\u00e1l es la temperatura ideal de confort?\",<br \/>\n      \"acceptedAnswer\": {<br \/>\n        \"@type\": \"Answer\",<br \/>\n        \"text\": \"En verano, la temperatura de confort recomendada es de 24\u00b0C a 26\u00b0C. Cada grado que bajes por debajo de 24\u00b0C incrementa el consumo el\u00e9ctrico un 8%.\"<br \/>\n      }<br \/>\n    },<br \/>\n    {<br \/>\n      \"@type\": \"Question\",<br \/>\n      \"name\": \"\u00bfPuedo dormir con el aire encendido?\",<br \/>\n      \"acceptedAnswer\": {<br \/>\n        \"@type\": \"Answer\",<br \/>\n        \"text\": \"S\u00ed, siempre que uses el 'Modo Noche' o 'Sleep'. Equipos como el Mitsubishi HR25VF reducen la velocidad del ventilador al m\u00ednimo, bajando el nivel sonoro hasta los 21 dB (equivalente a un susurro o al suspenso de las hojas en un bosque).\"<br \/>\n      }<br \/>\n    },<br \/>\n    {<br \/>\n      \"@type\": \"Question\",<br \/>\n      \"name\": \"\u00bfQu\u00e9 ventajas tiene combinar aire acondicionado con autoconsumo solar?\",<br \/>\n      \"acceptedAnswer\": {<br \/>\n        \"@type\": \"Answer\",<br \/>\n        \"text\": \"El momento de m\u00e1s calor del d\u00eda coincide exactamente con el momento de mayor producci\u00f3n de tus paneles solares. Puedes enfriar tu casa durante todo el d\u00eda 'gratis' usando la energ\u00eda directa del sol, evitando que la casa se caliente y reduciendo el esfuerzo del equipo por la noche.\"<br \/>\n      }<br \/>\n    },<br \/>\n    {<br \/>\n      \"@type\": \"Question\",<br \/>\n      \"name\": \"\u00bfQu\u00e9 mantenimiento b\u00e1sico puedo realizar yo mismo?\",<br \/>\n      \"acceptedAnswer\": {<br \/>\n        \"@type\": \"Answer\",<br \/>\n        \"text\": \"Limpieza de filtros: Hazlo cada 2 meses de uso. Basta con agua templada y jab\u00f3n neutro. Unos filtros sucios reducen la eficiencia un 20% y hacen que el equipo huela mal.\"<br \/>\n      }<br \/>\n    },<br \/>\n    {<br \/>\n      \"@type\": \"Question\",<br \/>\n      \"name\": \"\u00bfPor qu\u00e9 es preferible el gas R-32?\",<br \/>\n      \"acceptedAnswer\": {<br \/>\n        \"@type\": \"Answer\",<br \/>\n        \"text\": \"Este gas es mucho m\u00e1s eficiente que el antiguo R-410A y tiene un impacto sobre el calentamiento global un 70% menor.\"<br \/>\n      }<br \/>\n    },<br \/>\n    {<br \/>\n      \"@type\": \"Question\",<br \/>\n      \"name\": \"\u00bfEs normal que el aire acondicionado gotee?\",<br \/>\n      \"acceptedAnswer\": {<br \/>\n        \"@type\": \"Answer\",<br \/>\n        \"text\": \"En invierno es normal (por el descarche). En verano, la que debe gotear es la unidad interior a trav\u00e9s del tubo de desag\u00fce debido a la condensaci\u00f3n de la humedad del aire. Si la unidad interior gotea hacia dentro de la habitaci\u00f3n, es que el desag\u00fce est\u00e1 obstruido.\"<br \/>\n      }<br \/>\n    },<br \/>\n    {<br \/>\n      \"@type\": \"Question\",<br \/>\n      \"name\": \"\u00bfQu\u00e9 caracter\u00edsticas tiene la gama Daikin Comfora?\",<br \/>\n      \"acceptedAnswer\": {<br \/>\n        \"@type\": \"Answer\",<br \/>\n        \"text\": \"Incluye filtros de purificaci\u00f3n de aire superiores y un dise\u00f1o m\u00e1s estilizado. Los modelos como el TXP35M son famosos por su 'Flujo de aire 3D', que distribuye el aire de manera uniforme evitando corrientes directas molestas.\"<br \/>\n      }<br \/>\n    },<br \/>\n    {<br \/>\n      \"@type\": \"Question\",<br \/>\n      \"name\": \"\u00bfQu\u00e9 caracter\u00edsticas tiene la serie Mitsubishi HR?\",<br \/>\n      \"acceptedAnswer\": {<br \/>\n        \"@type\": \"Answer\",<br \/>\n        \"text\": \"Es una l\u00ednea dise\u00f1ada para ser eficiente y compacta. Su tecnolog\u00eda Inverter es extremadamente precisa, manteniendo la temperatura constante con variaciones de apenas 0.5\u00b0C.\"<br \/>\n      }<br \/>\n    },<br \/>\n    {<br \/>\n      \"@type\": \"Question\",<br \/>\n      \"name\": \"\u00bfPor qu\u00e9 es importante la etiqueta energ\u00e9tica (SEER\/SCOP)?\",<br \/>\n      \"acceptedAnswer\": {<br \/>\n        \"@type\": \"Answer\",<br \/>\n        \"text\": \"Un equipo con un SEER de 8.5 (A+++) consumir\u00e1 significativamente menos que uno de 6.1 (A++). Aunque el equipo A+++ sea m\u00e1s caro inicialmente (como los de la gama Comfora), la diferencia de precio se amortiza en apenas 3 veranos gracias a la factura el\u00e9ctrica.\"<br \/>\n      }<br \/>\n    },<br \/>\n    {<br \/>\n      \"@type\": \"Question\",<br \/>\n      \"name\": \"\u00bfQu\u00e9 peligros tiene contratar una instalaci\u00f3n excesivamente barata?\",<br \/>\n      \"acceptedAnswer\": {<br \/>\n        \"@type\": \"Answer\",<br \/>\n        \"text\": \"Un instalador que no emite certificado o que no realiza el 'vac\u00edo' del circuito est\u00e1 condenando a tu equipo a una aver\u00eda prematura y a un consumo el\u00e9ctrico mucho mayor.\"<br \/>\n      }<br \/>\n    },<br \/>\n    {<br \/>\n      \"@type\": \"Question\",<br \/>\n      \"name\": \"\u00bfC\u00f3mo ayuda el aire acondicionado a la salud respiratoria?\",<br \/>\n      \"acceptedAnswer\": {<br \/>\n        \"@type\": \"Answer\",<br \/>\n        \"text\": \"Los modelos modernos como el Daikin Comfora incorporan sistemas de filtrado avanzados: Filtros de part\u00edculas: Capturan polvo y polen, ideal para al\u00e9rgicos. Filtros desodorizantes: Eliminan olores de cocina o mascotas.\"<br \/>\n      }<br \/>\n    }<br \/>\n  ]<br \/>\n}<span data-mce-type=\"bookmark\" style=\"display: inline-block; width: 0px; overflow: hidden; line-height: 0;\" class=\"mce_SELRES_start\">\ufeff<\/span><\/script><\/p>\n\n\n\n<div class=\"wp-block-rank-math-toc-block has-luminous-vivid-orange-color has-text-color has-link-color wp-elements-310efa2e8fea509c0a3b18d70c33a83f\" id=\"rank-math-toc\"><nav><ol><li class=\"\"><a href=\"#como-funciona-realmente-un-aire-acondicionado-el-ciclo-de-refrigeracion\">\u00bfC\u00f3mo funciona realmente un Aire Acondicionado? El ciclo de refrigeraci\u00f3n<\/a><\/li><li class=\"\"><a href=\"#conceptos-clave-frigorias-potencia-y-superficie\">Conceptos Clave: Frigor\u00edas, Potencia y Superficie<\/a><ol><li class=\"\"><a href=\"#la-regla-de-las-100-frigorias\">La regla de las 100 frigor\u00edas<\/a><\/li><li class=\"\"><a href=\"#factores-que-alteran-el-calculo\">Factores que alteran el c\u00e1lculo:<\/a><\/li><\/ol><\/li><li class=\"\"><a href=\"#cuanto-cuesta-instalar-aire-acondicionado-en-casa-el-presupuesto-total\">\u00bfCu\u00e1nto cuesta instalar aire acondicionado en casa? El presupuesto total<\/a><ol><li class=\"\"><a href=\"#1-el-coste-del-equipo-split\">1. El coste del equipo (Split)<\/a><\/li><li class=\"\"><a href=\"#2-honorarios-del-instalador-profesional-instalacion-basica\">2. Honorarios del instalador profesional (Instalaci\u00f3n B\u00e1sica)<\/a><\/li><li class=\"\"><a href=\"#3-posibles-extras-que-encarecen-el-presupuesto\">3. Posibles extras que encarecen el presupuesto<\/a><\/li><li class=\"\"><a href=\"#resumen-ejemplo-de-presupuesto-final-2026\">Resumen: Ejemplo de presupuesto final (2026)<\/a><\/li><\/ol><\/li><li class=\"\"><a href=\"#analisis-de-las-mejores-marcas-daikin-vs-mitsubishi-electric\">An\u00e1lisis de las Mejores Marcas: Daikin vs. Mitsubishi Electric<\/a><ol><li class=\"\"><a href=\"#gama-daikin-el-referente-en-confort\">Gama Daikin: El referente en confort<\/a><\/li><li class=\"\"><a href=\"#gama-mitsubishi-electric-la-robustez-personificada\">Gama Mitsubishi Electric: La robustez personificada<\/a><\/li><\/ol><\/li><li class=\"\"><a href=\"#tabla-comparativa-de-modelos-destacados\">Tabla Comparativa de Modelos Destacados<\/a><\/li><li class=\"\"><a href=\"#tecnologia-inverter-por-que-ya-no-existen-los-equipos-de-encendido-apagado\">Tecnolog\u00eda Inverter: \u00bfPor qu\u00e9 ya no existen los equipos de \u00abencendido\/apagado\u00bb?<\/a><\/li><li class=\"\"><a href=\"#aire-acondicionado-y-salud-mucho-mas-que-aire-frio\">Aire Acondicionado y Salud: Mucho m\u00e1s que aire fr\u00edo<\/a><\/li><li class=\"\"><a href=\"#eficiencia-energetica-y-etiquetas-a\">Eficiencia Energ\u00e9tica y Etiquetas A+++<\/a><\/li><li class=\"\"><a href=\"#la-bomba-de-calor-la-calefaccion-mas-eficiente-del-mundo\">La Bomba de Calor: La calefacci\u00f3n m\u00e1s eficiente del mundo<\/a><\/li><li class=\"\"><a href=\"#instalacion-y-mantenimiento-claves-para-que-tu-equipo-dure-20-anos\">Instalaci\u00f3n y Mantenimiento: Claves para que tu equipo dure 20 a\u00f1os<\/a><\/li><li class=\"\"><a href=\"#aire-acondicionado-y-autoconsumo-solar-el-matrimonio-perfecto\">Aire Acondicionado y Autoconsumo Solar: El matrimonio perfecto<\/a><\/li><li class=\"\"><a href=\"#el-futuro-conectividad-wi-fi-y-domotica\">El Futuro: Conectividad Wi-Fi y Dom\u00f3tica<\/a><\/li><li class=\"\"><a href=\"#preguntas-frecuentes\">Preguntas Frecuentes<\/a><\/li><li class=\"\"><a href=\"#conclusion-invierte-en-confort-y-sostenibilidad\">Conclusi\u00f3n: Invierte en Confort y Sostenibilidad<\/a><\/li><\/ol><\/nav><\/div>\n\n\n\n<p>Con la llegada de las olas de calor cada vez m\u00e1s extremas y prolongadas, los aires acondicionados han dejado de ser un art\u00edculo de lujo para convertirse en una necesidad b\u00e1sica de salud y bienestar en el hogar. Sin embargo, entrar en el mundo de la climatizaci\u00f3n puede ser abrumador: frigor\u00edas, tecnolog\u00eda Inverter, eficiencia energ\u00e9tica A+++, gases refrigerantes&#8230; las variables son infinitas.<\/p>\n\n\n\n<p>En <strong><a href=\"https:\/\/tienda-solar.es\/\">Tienda Solar<\/a><\/strong>, expertos en eficiencia energ\u00e9tica, hemos elaborado esta gu\u00eda definitiva de m\u00e1s de 1.400 palabras para que entiendas desde la base cient\u00edfica del fr\u00edo hasta c\u00f3mo elegir entre los mejores modelos de <strong><a href=\"https:\/\/tienda-solar.es\/brand\/101-daikin\">Daikin<\/a><\/strong> y <strong><a href=\"https:\/\/tienda-solar.es\/brand\/105-mitsubishi\">Mitsubishi<\/a><\/strong> que lideran el mercado en 2026.<\/p>\n\n\n\n<p><strong><em><span style=\"text-decoration: underline;\">Opini\u00f3n del Experto:<\/span><\/em><\/strong><\/p>\n\n\n\n<p>\u201cTras a\u00f1os de evoluci\u00f3n y an\u00e1lisis del rendimiento de estos equipos en el sector de la climatizaci\u00f3n, la conclusi\u00f3n para este a\u00f1o 2026 es clara y se basa en las necesidades espec\u00edficas de cada usuario. Si tu prioridad es obtener el ahorro m\u00e1ximo inicial sin tener que renunciar a un est\u00e1ndar de calidad elevado, la serie <strong>Mitsubishi HR<\/strong> se presenta como una opci\u00f3n imbatible. Es, en esencia, un aut\u00e9ntico \u00abcaballo de batalla\u00bb que destaca por una robustez mec\u00e1nica envidiable y una fiabilidad que asegura que el sistema no falle nunca, incluso bajo condiciones de uso intenso.<\/p>\n\n\n\n<p>Por otro lado, para aquellos que valoran el silencio absoluto durante el descanso y una purificaci\u00f3n del aire superior para su hogar, la apuesta ganadora es, sin duda, la gama <strong>Daikin Comfora<\/strong>. En este caso, la sofisticaci\u00f3n t\u00e9cnica es evidente y la diferencia en la calidad del flujo de aire, mucho m\u00e1s natural y limpio, se percibe desde el primer minuto de funcionamiento. Si el escenario es una segunda residencia o un proyecto con un presupuesto m\u00e1s ajustado, la serie <strong>Daikin Sensira<\/strong> cumple con creces las expectativas, ya que ofrece la tranquilidad y la garant\u00eda de una marca l\u00edder mundial a un precio sumamente competitivo.<\/p>\n\n\n\n<p>M\u00e1s all\u00e1 de la marca, existe un detalle t\u00e9cnico fundamental que a menudo se subestima: el correcto dimensionamiento de la potencia. Si al realizar el c\u00e1lculo te encuentras con dudas entre dos potencias \u2014por ejemplo, entre un equipo de 2.5kW y uno de 3.5kW\u2014 y las dimensiones de tu habitaci\u00f3n est\u00e1n en el l\u00edmite, mi recomendaci\u00f3n es que elijas siempre la unidad superior, como el modelo <strong>TXP35M<\/strong> o el <strong>HR35VF<\/strong>. Un equipo que trabaja \u00absobrado\u00bb alcanzar\u00e1 la temperatura de consigna sin esfuerzo, lo que parad\u00f3jicamente se traduce en un menor consumo energ\u00e9tico y en una vida \u00fatil mucho m\u00e1s larga al evitar que los componentes trabajen constantemente al l\u00edmite de su capacidad.\u201d<\/p>\n\n\n\n<p><\/p>\n\n\n\n<h2 class=\"wp-block-heading\" id=\"como-funciona-realmente-un-aire-acondicionado-el-ciclo-de-refrigeracion\"><strong>\u00bfC\u00f3mo funciona realmente un Aire Acondicionado? El ciclo de refrigeraci\u00f3n<\/strong><\/h2>\n\n\n\n<p>Mucha gente cree que el aire acondicionado \u00abproduce fr\u00edo\u00bb. F\u00edsicamente, esto es imposible. El fr\u00edo es simplemente la ausencia de calor. Por tanto, un equipo de aire acondicionado es en realidad una <strong>m\u00e1quina de extracci\u00f3n de calor<\/strong>.<\/p>\n\n\n\n<p>El proceso se basa en un gas refrigerante que circula por un circuito cerrado. Al pasar por la unidad interior (evaporador), el gas absorbe el calor del aire de tu habitaci\u00f3n. Luego, viaja a la unidad exterior donde el compresor lo comprime, aumentando su temperatura para poder liberar ese calor al aire libre. Es un ciclo continuo que transporta la energ\u00eda t\u00e9rmica de donde sobra (tu sal\u00f3n) a donde no molesta (la calle).<\/p>\n\n\n\n<p><strong>La importancia del refrigerante R-32<\/strong><\/p>\n\n\n\n<p>En 2026, todos los modelos de nuestra web, como las series <strong>Daikin Sensira<\/strong> o <strong>Mitsubishi HR<\/strong>, utilizan gas <strong>R-32<\/strong>. Este gas es mucho m\u00e1s eficiente que el antiguo R-410A y tiene un impacto sobre el calentamiento global un 70% menor. Al comprar estos equipos, no solo ahorras dinero, sino que cuidas el planeta.<\/p>\n\n\n\n<p><\/p>\n\n\n\n<h2 class=\"wp-block-heading\" id=\"conceptos-clave-frigorias-potencia-y-superficie\"><strong>Conceptos Clave: Frigor\u00edas, Potencia y Superficie<\/strong><\/h2>\n\n\n\n<p>La pregunta m\u00e1s com\u00fan es: <em>\u00bfQu\u00e9 potencia necesito?<\/em> El error m\u00e1s grave es comprar un equipo sobredimensionado (gasta demasiado) o uno subdimensionado (nunca llega a enfriar y se acaba rompiendo por esfuerzo).<\/p>\n\n\n\n<h3 class=\"wp-block-heading\" id=\"la-regla-de-las-100-frigorias\"><strong>La regla de las 100 frigor\u00edas<\/strong><\/h3>\n\n\n\n<p>Como norma general, se necesitan unas <strong>100 <a href=\"https:\/\/www.daikin.es\/es_es\/hogar\/inspiracion\/articulos\/que-son-las-frigorias.html\" rel=\"nofollow noopener\" target=\"_blank\">frigor\u00edas<\/a> por metro cuadrado<\/strong>.<\/p>\n\n\n\n<ul class=\"wp-block-list\">\n<li>Habitaci\u00f3n de 15-20 m\u00b2: Necesitas unas 2.000 &#8211; 2.500 frigor\u00edas (2.5 kW). Ejemplo: <strong>Daikin Comfora TXP20M<\/strong> o <strong>Mitsubishi HR25VF<\/strong>.<\/li>\n\n\n\n<li>Sal\u00f3n de 25-30 m\u00b2: Necesitas unas 3.000 &#8211; 3.500 frigor\u00edas (3.5 kW). Ejemplo: <strong>Mitsubishi HR35VF<\/strong>.<\/li>\n\n\n\n<li>Espacios di\u00e1fanos de 40-50 m\u00b2: Equipos de 5.0 kW a 7.1 kW. Ejemplo: <strong>Daikin Sensira TXC71C<\/strong>.<\/li>\n<\/ul>\n\n\n\n<h3 class=\"wp-block-heading\" id=\"factores-que-alteran-el-calculo\"><strong>Factores que alteran el c\u00e1lculo:<\/strong><\/h3>\n\n\n\n<ol start=\"1\" class=\"wp-block-list\">\n<li><strong>Orientaci\u00f3n:<\/strong> Si tu habitaci\u00f3n da al sur y le da el sol todo el d\u00eda, a\u00f1ade un 15% m\u00e1s de potencia.<\/li>\n\n\n\n<li><strong>Aislamiento:<\/strong> Ventanas de doble cristal reducen la necesidad de potencia.<\/li>\n\n\n\n<li><strong>Cargas t\u00e9rmicas:<\/strong> Una cocina o una habitaci\u00f3n con muchos ordenadores encendidos genera calor propio que el equipo debe compensar.<\/li>\n<\/ol>\n\n\n<div class=\"wp-block-image\">\n<figure class=\"aligncenter size-large is-resized\"><a href=\"https:\/\/tienda-solar.es\/aire-acondicionado\/1590-8500-split-mitsubishi-hr-msz-hr25vf#\/93-control_wifi-no\"><img loading=\"lazy\" decoding=\"async\" width=\"792\" height=\"1024\" src=\"https:\/\/tienda-solar.es\/blog\/wp-content\/uploads\/split-mitsubishi-hr-msz-hr25vf-792x1024.jpg\" alt=\"Conjunto Split para aire acondicionado de Mitsubishi de 2.5kW con control wifi opcional\" class=\"wp-image-3806\" style=\"aspect-ratio:1.3333333333333333;object-fit:cover;width:672px;height:auto\" srcset=\"https:\/\/tienda-solar.es\/blog\/wp-content\/uploads\/split-mitsubishi-hr-msz-hr25vf-792x1024.jpg 792w, https:\/\/tienda-solar.es\/blog\/wp-content\/uploads\/split-mitsubishi-hr-msz-hr25vf-232x300.jpg 232w, https:\/\/tienda-solar.es\/blog\/wp-content\/uploads\/split-mitsubishi-hr-msz-hr25vf-768x993.jpg 768w, https:\/\/tienda-solar.es\/blog\/wp-content\/uploads\/split-mitsubishi-hr-msz-hr25vf-600x776.jpg 600w, https:\/\/tienda-solar.es\/blog\/wp-content\/uploads\/split-mitsubishi-hr-msz-hr25vf.jpg 1100w\" sizes=\"auto, (max-width: 792px) 100vw, 792px\" \/><\/a><figcaption class=\"wp-element-caption\"><a href=\"https:\/\/tienda-solar.es\/aire-acondicionado\/1590-8500-split-mitsubishi-hr-msz-hr25vf#\/93-control_wifi-no\">Conjunto Split para aire acondicionado de Mitsubishi de 2.5kW con control wifi opcional<\/a><\/figcaption><\/figure>\n<\/div>\n\n\n<h2 class=\"wp-block-heading\" id=\"cuanto-cuesta-instalar-aire-acondicionado-en-casa-el-presupuesto-total\"><strong>\u00bfCu\u00e1nto cuesta instalar aire acondicionado en casa? El presupuesto total<\/strong><\/h2>\n\n\n\n<p>Una de las dudas m\u00e1s recurrentes al navegar por <strong>Tienda Solar<\/strong> es saber cu\u00e1l ser\u00e1 el desembolso final. A menudo, el usuario ve el precio del split (por ejemplo, un <strong>Mitsubishi HR25VF<\/strong> por poco m\u00e1s de 600 \u20ac), pero olvida que la instalaci\u00f3n es una partida fundamental que debe realizar siempre un profesional certificado.<\/p>\n\n\n\n<p>Para calcular el <strong>precio total de instalar aire acondicionado<\/strong>, debemos sumar tres conceptos: el equipo, la instalaci\u00f3n b\u00e1sica y los posibles extras seg\u00fan la complejidad de tu vivienda.<\/p>\n\n\n\n<h3 class=\"wp-block-heading\" id=\"1-el-coste-del-equipo-split\"><strong>1. El coste del equipo (Split)<\/strong><\/h3>\n\n\n\n<p>Como has visto en nuestro cat\u00e1logo, el precio var\u00eda seg\u00fan la potencia y la gama:<\/p>\n\n\n\n<ul class=\"wp-block-list\">\n<li><strong>Gama Esencial (Dormitorios):<\/strong> Entre <strong>600 \u20ac y 800 \u20ac<\/strong> (Modelos como el Daikin Sensira o Mitsubishi HR de 2.5kW).<\/li>\n\n\n\n<li><strong>Gama Media\/Alta (Salones):<\/strong> Entre <strong>850 \u20ac y 1.200 \u20ac<\/strong> (Modelos de 3.5kW a 4.2kW).<\/li>\n\n\n\n<li><strong>Gama Industrial\/Grandes Superficies:<\/strong> De <strong>1.500 \u20ac en adelante<\/strong> (Equipos de 6.0kW o 7.1kW).<\/li>\n<\/ul>\n\n\n\n<h3 class=\"wp-block-heading\" id=\"2-honorarios-del-instalador-profesional-instalacion-basica\"><strong>2. Honorarios del instalador profesional (Instalaci\u00f3n B\u00e1sica)<\/strong><\/h3>\n\n\n\n<p>Una instalaci\u00f3n est\u00e1ndar (donde la unidad interior y exterior est\u00e1n separadas por menos de 3 metros de tuber\u00eda) suele oscilar entre los <strong>250 \u20ac y 450 \u20ac<\/strong>. Este precio suele incluir:<\/p>\n\n\n\n<ul class=\"wp-block-list\">\n<li>Mano de obra y desplazamiento.<\/li>\n\n\n\n<li>Soportes y silentblocks (amortiguadores para evitar vibraciones en la fachada).<\/li>\n\n\n\n<li>Hasta 3 metros de l\u00ednea frigor\u00edfica, cableado el\u00e9ctrico y tubo de desag\u00fce.<\/li>\n\n\n\n<li>Puesta en marcha, vac\u00edo del circuito y comprobaci\u00f3n de estanqueidad.<\/li>\n\n\n\n<li><strong>Certificado de instalaci\u00f3n:<\/strong> Documento legal obligatorio que garantiza que el gas R-32 ha sido manipulado correctamente.<\/li>\n<\/ul>\n\n\n\n<h3 class=\"wp-block-heading\" id=\"3-posibles-extras-que-encarecen-el-presupuesto\"><strong>3. Posibles extras que encarecen el presupuesto<\/strong><\/h3>\n\n\n\n<p>No todas las casas son iguales. Algunos factores pueden sumar costes adicionales:<\/p>\n\n\n\n<ul class=\"wp-block-list\">\n<li><strong>Metros extra de tuber\u00eda:<\/strong> A partir de los 3 metros, se suele cobrar entre 20 \u20ac y 35 \u20ac por metro lineal adicional.<\/li>\n\n\n\n<li><strong>Bomba de condensados:<\/strong> Si no hay una ca\u00edda natural para el agua del desag\u00fce, se instala una peque\u00f1a bomba (unos 80 \u20ac &#8211; 120 \u20ac).<\/li>\n\n\n\n<li><strong>Canaletas:<\/strong> Para ocultar los tubos est\u00e9ticamente (unos 15-20 \u20ac por metro).<\/li>\n\n\n\n<li><strong>Uso de andamios o trabajos en altura:<\/strong> Si la unidad exterior es de dif\u00edcil acceso, el coste puede subir significativamente por seguridad laboral.<\/li>\n<\/ul>\n\n\n\n<h3 class=\"wp-block-heading\" id=\"resumen-ejemplo-de-presupuesto-final-2026\"><strong>Resumen: Ejemplo de presupuesto final (2026)<\/strong><\/h3>\n\n\n\n<p>Si tomamos como ejemplo una instalaci\u00f3n est\u00e1ndar para un sal\u00f3n mediano utilizando uno de nuestros superventas:<\/p>\n\n\n\n<figure class=\"wp-block-table is-style-stripes\"><table class=\"has-fixed-layout\"><thead><tr><td><strong>Concepto<\/strong><\/td><td><strong>Producto\/Servicio<\/strong><\/td><td><strong>Precio Estimado (IVA incl.)<\/strong><\/td><\/tr><\/thead><tbody><tr><td><strong>Equipo<\/strong><\/td><td>Split Mitsubishi HR35VF (3.5kW)<\/td><td>664,64 \u20ac<\/td><\/tr><tr><td><strong>Instalaci\u00f3n<\/strong><\/td><td>Instalaci\u00f3n b\u00e1sica (hasta 3m)<\/td><td>350,00 \u20ac<\/td><\/tr><tr><td><strong>Materiales<\/strong><\/td><td>Soportes y accesorios<\/td><td>40,00 \u20ac<\/td><\/tr><tr><td><strong>TOTAL<\/strong><\/td><td><strong>Presupuesto Cerrado<\/strong><\/td><td><strong>1.054,64 \u20ac<\/strong><\/td><\/tr><\/tbody><\/table><\/figure>\n\n\n\n<p><strong>Desconf\u00eda de precios excesivamente bajos:<\/strong> Un instalador que no emite certificado o que no realiza el \u00abvac\u00edo\u00bb del circuito est\u00e1 condenando a tu equipo a una aver\u00eda prematura y a un consumo el\u00e9ctrico mucho mayor. En <strong>Tienda Solar<\/strong>, siempre recomendamos trabajar con profesionales que cumplan el Reglamento de Instalaciones T\u00e9rmicas en los Edificios (RITE).<\/p>\n\n\n\n<p><\/p>\n\n\n\n<h2 class=\"wp-block-heading\" id=\"analisis-de-las-mejores-marcas-daikin-vs-mitsubishi-electric\"><strong>An\u00e1lisis de las Mejores Marcas: Daikin vs. Mitsubishi Electric<\/strong><\/h2>\n\n\n\n<p>En <strong>Tienda Solar<\/strong> trabajamos con los dos gigantes del sector porque ofrecen la mayor durabilidad y el menor \u00edndice de aver\u00edas.<\/p>\n\n\n\n<h3 class=\"wp-block-heading\" id=\"gama-daikin-el-referente-en-confort\"><strong>Gama Daikin: El referente en confort<\/strong><\/h3>\n\n\n\n<p>Daikin es conocida por ser la marca que m\u00e1s invierte en I+D.<\/p>\n\n\n\n<ul class=\"wp-block-list\">\n<li><strong>Serie Sensira (TXF-D \/ TXC-C):<\/strong> Es la gama de entrada con una relaci\u00f3n calidad-precio imbatible. El modelo <strong>TXF25D<\/strong> es perfecto para dormitorios por su discreci\u00f3n y bajo consumo.<\/li>\n\n\n\n<li><strong>Serie Comfora (TXP-M):<\/strong> Un paso m\u00e1s all\u00e1. Incluye filtros de purificaci\u00f3n de aire superiores y un dise\u00f1o m\u00e1s estilizado. Los modelos como el <strong>TXP35M<\/strong> son famosos por su \u00abFlujo de aire 3D\u00bb, que distribuye el aire de manera uniforme evitando corrientes directas molestas.<\/li>\n<\/ul>\n\n\n<div class=\"wp-block-image\">\n<figure class=\"aligncenter size-large is-resized\"><a href=\"https:\/\/tienda-solar.es\/aire-acondicionado\/1536-8474-split-daikin-comfora-txp20m#\/93-control_wifi-no\"><img loading=\"lazy\" decoding=\"async\" width=\"792\" height=\"1024\" src=\"https:\/\/tienda-solar.es\/blog\/wp-content\/uploads\/split-daikin-comfora-txp20m-1-792x1024.jpg\" alt=\"Conjunto Split para aire acondicionado de Daikin de 2kW con control via App Onecta\" class=\"wp-image-3811\" style=\"aspect-ratio:1.3333333333333333;object-fit:cover;width:692px;height:auto\" srcset=\"https:\/\/tienda-solar.es\/blog\/wp-content\/uploads\/split-daikin-comfora-txp20m-1-792x1024.jpg 792w, https:\/\/tienda-solar.es\/blog\/wp-content\/uploads\/split-daikin-comfora-txp20m-1-232x300.jpg 232w, https:\/\/tienda-solar.es\/blog\/wp-content\/uploads\/split-daikin-comfora-txp20m-1-768x993.jpg 768w, https:\/\/tienda-solar.es\/blog\/wp-content\/uploads\/split-daikin-comfora-txp20m-1-600x776.jpg 600w, https:\/\/tienda-solar.es\/blog\/wp-content\/uploads\/split-daikin-comfora-txp20m-1.jpg 1100w\" sizes=\"auto, (max-width: 792px) 100vw, 792px\" \/><\/a><figcaption class=\"wp-element-caption\"><a href=\"https:\/\/tienda-solar.es\/aire-acondicionado\/1536-8474-split-daikin-comfora-txp20m#\/93-control_wifi-no\">Conjunto Split para aire acondicionado de Daikin de 2kW con control via App Onecta<\/a><\/figcaption><\/figure>\n<\/div>\n\n\n<h3 class=\"wp-block-heading\" id=\"gama-mitsubishi-electric-la-robustez-personificada\"><strong>Gama Mitsubishi Electric: La robustez personificada<\/strong><\/h3>\n\n\n\n<p>Mitsubishi es el favorito de los instaladores por su facilidad de montaje y fiabilidad.<\/p>\n\n\n\n<ul class=\"wp-block-list\">\n<li><strong>Serie HR (MSZ-HR):<\/strong> Es una l\u00ednea dise\u00f1ada para ser eficiente y compacta. Su tecnolog\u00eda Inverter es extremadamente precisa, manteniendo la temperatura constante con variaciones de apenas 0.5\u00b0C. Desde el <strong>HR25VF<\/strong> hasta el potente <strong>HR71VF<\/strong>, ofrecen un silencio operativo que permite dormir sin enterarse de que est\u00e1n encendidos.<\/li>\n<\/ul>\n\n\n\n<hr class=\"wp-block-separator has-alpha-channel-opacity\"\/>\n\n\n\n<h2 class=\"wp-block-heading\" id=\"tabla-comparativa-de-modelos-destacados\"><strong>Tabla Comparativa de Modelos Destacados<\/strong><\/h2>\n\n\n\n<figure class=\"wp-block-table is-style-stripes\"><table class=\"has-fixed-layout\"><thead><tr><td><strong>Modelo<\/strong><\/td><td><strong>Potencia (kW)<\/strong><\/td><td><strong>Frigor\u00edas (aprox.)<\/strong><\/td><td><strong>Eficiencia<\/strong><\/td><td><strong>Perfil de uso<\/strong><\/td><\/tr><\/thead><tbody><tr><td><strong>Mitsubishi HR25VF<\/strong><\/td><td>2.5 kW<\/td><td>2.150<\/td><td>A++<\/td><td>Dormitorios peque\u00f1os<\/td><\/tr><tr><td><strong>Daikin Sensira TXF35<\/strong><\/td><td>3.5 kW<\/td><td>3.000<\/td><td>A++<\/td><td>Habitaciones est\u00e1ndar<\/td><\/tr><tr><td><strong>Daikin Comfora TXP35M<\/strong><\/td><td>3.5 kW<\/td><td>3.000<\/td><td>A++<\/td><td>Salones (Confort Premium)<\/td><\/tr><tr><td><strong>Mitsubishi HR50VF<\/strong><\/td><td>5.0 kW<\/td><td>4.300<\/td><td>A++<\/td><td>Salones grandes<\/td><\/tr><tr><td><strong>Daikin Sensira TXC71C<\/strong><\/td><td>7.1 kW<\/td><td>6.100<\/td><td>A++<\/td><td>Espacios di\u00e1fanos \/ Locales<\/td><\/tr><\/tbody><\/table><\/figure>\n\n\n\n<hr class=\"wp-block-separator has-alpha-channel-opacity\"\/>\n\n\n\n<h2 class=\"wp-block-heading\" id=\"tecnologia-inverter-por-que-ya-no-existen-los-equipos-de-encendido-apagado\"><strong>Tecnolog\u00eda Inverter: \u00bfPor qu\u00e9 ya no existen los equipos de \u00abencendido\/apagado\u00bb?<\/strong><\/h2>\n\n\n\n<p>Antiguamente, el aire acondicionado funcionaba a pi\u00f1\u00f3n fijo: se encend\u00eda al 100% hasta llegar a la temperatura y se apagaba. Esto provocaba picos de consumo y mucho ruido.<\/p>\n\n\n\n<p>La tecnolog\u00eda <strong>Inverter<\/strong>, presente en todos nuestros equipos Daikin y Mitsubishi, funciona como un acelerador de coche. El compresor arranca y, a medida que la habitaci\u00f3n se acerca a la temperatura deseada, baja las revoluciones pero no se detiene.<\/p>\n\n\n\n<ul class=\"wp-block-list\">\n<li><strong>Ahorro:<\/strong> Consume hasta un 40% menos de electricidad.<\/li>\n\n\n\n<li><strong>Confort:<\/strong> No hay cambios bruscos de temperatura.<\/li>\n\n\n\n<li><strong>Vida \u00fatil:<\/strong> El equipo sufre menos estr\u00e9s mec\u00e1nico al evitar arranques y paradas constantes.<\/li>\n<\/ul>\n\n\n\n<p><\/p>\n\n\n\n<h2 class=\"wp-block-heading\" id=\"aire-acondicionado-y-salud-mucho-mas-que-aire-frio\"><strong>Aire Acondicionado y Salud: Mucho m\u00e1s que aire fr\u00edo<\/strong><\/h2>\n\n\n\n<p>En 2026, el aire acondicionado es un elemento clave de la salud ambiental. Los modelos modernos como el <strong>Daikin Comfora<\/strong> incorporan sistemas de filtrado avanzados:<\/p>\n\n\n\n<ol start=\"1\" class=\"wp-block-list\">\n<li><strong>Filtros de part\u00edculas:<\/strong> Capturan polvo y polen, ideal para al\u00e9rgicos.<\/li>\n\n\n\n<li><strong>Filtros desodorizantes:<\/strong> Eliminan olores de cocina o mascotas.<\/li>\n\n\n\n<li><strong>Flash Streamer \/ Ionizadores:<\/strong> Algunos modelos utilizan electrones para descomponer virus, bacterias y moho presentes en el aire.<\/li>\n<\/ol>\n\n\n\n<p><strong>Consejo de salud:<\/strong> Nunca dirijas el flujo de aire directamente a las personas. Usa la funci\u00f3n \u00abSwing\u00bb o deflectores inteligentes para que el aire circule por la parte superior de la habitaci\u00f3n.<\/p>\n\n\n\n<p><\/p>\n\n\n\n<h2 class=\"wp-block-heading\" id=\"eficiencia-energetica-y-etiquetas-a\"><strong>Eficiencia Energ\u00e9tica y Etiquetas A+++<\/strong><\/h2>\n\n\n\n<p>La etiqueta energ\u00e9tica es tu mejor aliada para ahorrar. Se basa en dos coeficientes:<\/p>\n\n\n\n<ul class=\"wp-block-list\">\n<li><strong>SEER:<\/strong> Eficiencia en fr\u00edo (cuanto m\u00e1s alto, mejor).<\/li>\n\n\n\n<li><strong>SCOP:<\/strong> Eficiencia en calor (bomba de calor).<\/li>\n<\/ul>\n\n\n\n<p>Un equipo con un SEER de 8.5 (A+++) consumir\u00e1 significativamente menos que uno de 6.1 (A++). Aunque el equipo A+++ sea m\u00e1s caro inicialmente (como los de la gama <strong>Comfora<\/strong>), la diferencia de precio se amortiza en apenas 3 veranos gracias a la factura el\u00e9ctrica.<\/p>\n\n\n\n<p><\/p>\n\n\n\n<h2 class=\"wp-block-heading\" id=\"la-bomba-de-calor-la-calefaccion-mas-eficiente-del-mundo\"><strong>La Bomba de Calor: La calefacci\u00f3n m\u00e1s eficiente del mundo<\/strong><\/h2>\n\n\n\n<p>Mucha gente olvida que estos equipos son \u00abSplit Reversible\u00bb. En invierno, funcionan al rev\u00e9s: absorben calor de la calle (aunque haga fr\u00edo) y lo meten en casa.<\/p>\n\n\n\n<p>Comparada con un radiador el\u00e9ctrico tradicional (donde 1kW de luz = 1kW de calor), la bomba de calor de un <strong>Mitsubishi HR<\/strong> puede entregar <strong>4kW de calor por cada 1kW de luz<\/strong>. Es, t\u00e9cnicamente, el sistema de calefacci\u00f3n m\u00e1s eficiente y econ\u00f3mico que existe en la actualidad.<\/p>\n\n\n\n<p><\/p>\n\n\n\n<h2 class=\"wp-block-heading\" id=\"instalacion-y-mantenimiento-claves-para-que-tu-equipo-dure-20-anos\"><strong>Instalaci\u00f3n y Mantenimiento: Claves para que tu equipo dure 20 a\u00f1os<\/strong><\/h2>\n\n\n\n<p>La instalaci\u00f3n de un aire acondicionado <strong>debe ser realizada por un profesional certificado<\/strong>. No solo por la garant\u00eda, sino porque el manejo de gases fluorados est\u00e1 regulado por ley.<\/p>\n\n\n\n<p><strong>Mantenimiento b\u00e1sico que puedes hacer t\u00fa:<\/strong><\/p>\n\n\n\n<ol start=\"1\" class=\"wp-block-list\">\n<li><strong>Limpieza de filtros:<\/strong> Hazlo cada 2 meses de uso. Basta con agua templada y jab\u00f3n neutro. Unos filtros sucios reducen la eficiencia un 20% y hacen que el equipo huela mal.<\/li>\n\n\n\n<li><strong>Limpieza de la unidad exterior:<\/strong> Aseg\u00farate de que no haya hojas o suciedad obstruyendo las rejillas del ventilador.<\/li>\n\n\n\n<li><strong>Revisi\u00f3n anual:<\/strong> Un t\u00e9cnico deber\u00eda verificar la carga de gas y el estado del desag\u00fce una vez al a\u00f1o para evitar fugas y goteos indeseados.<\/li>\n<\/ol>\n\n\n\n<p><\/p>\n\n\n\n<h2 class=\"wp-block-heading\" id=\"aire-acondicionado-y-autoconsumo-solar-el-matrimonio-perfecto\"><strong>Aire Acondicionado y Autoconsumo Solar: El matrimonio perfecto<\/strong><\/h2>\n\n\n\n<p>En <strong>Tienda Solar<\/strong>, somos especialistas en combinar estas dos tecnolog\u00edas. El aire acondicionado es la carga ideal para una instalaci\u00f3n de placas solares.<\/p>\n\n\n\n<ul class=\"wp-block-list\">\n<li><strong>Curva de producci\u00f3n y consumo:<\/strong> El momento de m\u00e1s calor del d\u00eda coincide exactamente con el momento de mayor producci\u00f3n de tus paneles solares.<\/li>\n\n\n\n<li><strong>Coste cero:<\/strong> Puedes enfriar tu casa durante todo el d\u00eda \u00abgratis\u00bb usando la energ\u00eda directa del sol, evitando que la casa se caliente y reduciendo el esfuerzo del equipo por la noche.<\/li>\n<\/ul>\n\n\n\n<p>Si tienes placas solares, un modelo de alta eficiencia como el <strong>Daikin Comfora TXP25M<\/strong> funcionar\u00e1 pr\u00e1cticamente sin coste operativo durante todo el verano.<\/p>\n\n\n\n<p><\/p>\n\n\n\n<h2 class=\"wp-block-heading\" id=\"el-futuro-conectividad-wi-fi-y-domotica\"><strong>El Futuro: Conectividad Wi-Fi y Dom\u00f3tica<\/strong><\/h2>\n\n\n\n<p>En 2026, controlar el aire con un mando a distancia es cosa del pasado. La mayor\u00eda de nuestros modelos Daikin y Mitsubishi permiten la integraci\u00f3n de m\u00f3dulos Wi-Fi.<\/p>\n\n\n\n<ul class=\"wp-block-list\">\n<li><strong>Control Remoto:<\/strong> Enciende el aire cuando salgas del trabajo para que la casa est\u00e9 fresca al llegar.<\/li>\n\n\n\n<li><strong>Control por Voz:<\/strong> Compatible con Alexa y Google Home.<\/li>\n\n\n\n<li><strong>Estad\u00edsticas de consumo:<\/strong> Visualiza en tu smartphone cu\u00e1ntos kWh ha gastado tu equipo en el \u00faltimo mes.<\/li>\n<\/ul>\n\n\n\n<p><\/p>\n\n\n\n<p><\/p>\n\n\n\n<h2 class=\"wp-block-heading\" id=\"preguntas-frecuentes\"><strong>Preguntas Frecuente<\/strong>s<\/h2>\n\n\n\n<p><strong>\u00bfCu\u00e1l es la temperatura ideal?<\/strong><\/p>\n\n\n\n<p>En verano, la temperatura de confort recomendada es de <strong>24\u00b0C a 26\u00b0C<\/strong>. Cada grado que bajes por debajo de 24\u00b0C incrementa el consumo el\u00e9ctrico un 8%.<\/p>\n\n\n\n<p><strong>\u00bfPuedo dormir con el aire encendido?<\/strong><\/p>\n\n\n\n<p>S\u00ed, siempre que uses el \u00abModo Noche\u00bb o \u00abSleep\u00bb. Equipos como el <strong>Mitsubishi HR25VF<\/strong> reducen la velocidad del ventilador al m\u00ednimo, bajando el nivel sonoro hasta los 21 dB (equivalente a un susurro o al suspenso de las hojas en un bosque).<\/p>\n\n\n\n<p><strong>\u00bfEs normal que la unidad exterior gotee?<\/strong><\/p>\n\n\n\n<p>En invierno es normal (por el descarche). En verano, la que debe gotear es la unidad interior a trav\u00e9s del tubo de desag\u00fce debido a la condensaci\u00f3n de la humedad del aire. Si la unidad interior gotea hacia dentro de la habitaci\u00f3n, es que el desag\u00fce est\u00e1 obstruido.<\/p>\n\n\n\n<p><strong>\u00bfCu\u00e1nto cuesta la instalaci\u00f3n?<\/strong><\/p>\n\n\n\n<p>Depende de la distancia entre la unidad interior y exterior. Una instalaci\u00f3n b\u00e1sica suele rondar los 250\u20ac-400\u20ac, pero es una inversi\u00f3n necesaria para asegurar la estanqueidad del circuito de gas.<\/p>\n\n\n\n<br><\/br>\n\n\n\n<h2 class=\"wp-block-heading\" id=\"conclusion-invierte-en-confort-y-sostenibilidad\"><strong>Conclusi\u00f3n: Invierte en Confort y Sostenibilidad<\/strong><\/h2>\n\n\n\n<p>Elegir un aire acondicionado no es solo comprar un electrodom\u00e9stico; es decidir la calidad del aire que respiras y el nivel de confort de tu hogar. En <strong>Tienda Solar<\/strong>, creemos que la climatizaci\u00f3n debe ser eficiente, silenciosa y, sobre todo, responsable con el medio ambiente.<\/p>\n\n\n\n<p>Ya sea que te decantes por la tecnolog\u00eda avanzada de la serie <strong>Comfora<\/strong> o la fiabilidad contrastada de la serie <strong>Mitsubishi HR<\/strong>, estar\u00e1s adquiriendo maquinaria de precisi\u00f3n dise\u00f1ada para durar. No esperes a que el term\u00f3metro supere los 40\u00b0C y los precios suban por la alta demanda.<\/p>\n\n\n\n<p><strong>\u00bfNecesitas ayuda para calcular las frigor\u00edas exactas de tu sal\u00f3n?<\/strong> Nuestro equipo t\u00e9cnico en <strong>Tienda Solar<\/strong> est\u00e1 listo para asesorarte y encontrar el Split Daikin o Mitsubishi que mejor se adapte a tus necesidades y a tu bolsillo. <strong>\u00a1Haz que este verano sea el m\u00e1s fresco de tu vida!<\/strong><\/p>\n\n\n\n<div class=\"wp-block-buttons is-content-justification-center is-layout-flex wp-container-core-buttons-is-layout-16018d1d wp-block-buttons-is-layout-flex\">\n<div class=\"wp-block-button\"><a class=\"wp-block-button__link has-white-color has-luminous-vivid-orange-background-color has-text-color has-background has-link-color wp-element-button\" href=\"https:\/\/tienda-solar.es\/1972-aire-acondicionado\">Ver Aires Acondicionados<\/a><\/div>\n<\/div>\n\n\n\n<br><\/br>\n","protected":false},"excerpt":{"rendered":"<p>Con la llegada de las olas de calor cada vez m\u00e1s extremas y prolongadas, los aires acondicionados han dejado de ser un art\u00edculo de lujo para convertirse en una necesidad b\u00e1sica de salud y bienestar en el hogar. Sin embargo, entrar en el mundo de la climatizaci\u00f3n puede ser abrumador: frigor\u00edas, tecnolog\u00eda Inverter, eficiencia energ\u00e9tica [&hellip;]<\/p>\n","protected":false},"author":2,"featured_media":3796,"comment_status":"closed","ping_status":"open","sticky":false,"template":"","format":"standard","meta":{"footnotes":""},"categories":[33],"tags":[],"class_list":["post-3790","post","type-post","status-publish","format-standard","has-post-thumbnail","hentry","category-energia-solar"],"_links":{"self":[{"href":"https:\/\/tienda-solar.es\/blog\/wp-json\/wp\/v2\/posts\/3790","targetHints":{"allow":["GET"]}}],"collection":[{"href":"https:\/\/tienda-solar.es\/blog\/wp-json\/wp\/v2\/posts"}],"about":[{"href":"https:\/\/tienda-solar.es\/blog\/wp-json\/wp\/v2\/types\/post"}],"author":[{"embeddable":true,"href":"https:\/\/tienda-solar.es\/blog\/wp-json\/wp\/v2\/users\/2"}],"replies":[{"embeddable":true,"href":"https:\/\/tienda-solar.es\/blog\/wp-json\/wp\/v2\/comments?post=3790"}],"version-history":[{"count":5,"href":"https:\/\/tienda-solar.es\/blog\/wp-json\/wp\/v2\/posts\/3790\/revisions"}],"predecessor-version":[{"id":3817,"href":"https:\/\/tienda-solar.es\/blog\/wp-json\/wp\/v2\/posts\/3790\/revisions\/3817"}],"wp:featuredmedia":[{"embeddable":true,"href":"https:\/\/tienda-solar.es\/blog\/wp-json\/wp\/v2\/media\/3796"}],"wp:attachment":[{"href":"https:\/\/tienda-solar.es\/blog\/wp-json\/wp\/v2\/media?parent=3790"}],"wp:term":[{"taxonomy":"category","embeddable":true,"href":"https:\/\/tienda-solar.es\/blog\/wp-json\/wp\/v2\/categories?post=3790"},{"taxonomy":"post_tag","embeddable":true,"href":"https:\/\/tienda-solar.es\/blog\/wp-json\/wp\/v2\/tags?post=3790"}],"curies":[{"name":"wp","href":"https:\/\/api.w.org\/{rel}","templated":true}]}}